{"id":930,"date":"2022-06-19T10:08:56","date_gmt":"2022-06-19T09:08:56","guid":{"rendered":"https:\/\/www.musique-saint-ay.fr\/?p=930"},"modified":"2022-06-27T22:54:25","modified_gmt":"2022-06-27T21:54:25","slug":"audition-de-fin-dannee-des-eleves","status":"publish","type":"post","link":"https:\/\/www.musique-saint-ay.fr\/?p=930","title":{"rendered":"Audition de fin d&rsquo;ann\u00e9e des \u00e9l\u00e8ves"},"content":{"rendered":"\n<div class=\"wp-block-media-text alignwide is-stacked-on-mobile\" style=\"grid-template-columns:16% auto\"><figure class=\"wp-block-media-text__media\"><img loading=\"lazy\" decoding=\"async\" width=\"1811\" height=\"2560\" src=\"https:\/\/www.musique-saint-ay.fr\/wp-content\/uploads\/2022\/06\/2022-audition-e\u0301cole-scaled.jpg\" alt=\"\" class=\"wp-image-965 size-full\" srcset=\"https:\/\/www.musique-saint-ay.fr\/wp-content\/uploads\/2022\/06\/2022-audition-e\u0301cole-scaled.jpg 1811w, https:\/\/www.musique-saint-ay.fr\/wp-content\/uploads\/2022\/06\/2022-audition-e\u0301cole-212x300.jpg 212w, https:\/\/www.musique-saint-ay.fr\/wp-content\/uploads\/2022\/06\/2022-audition-e\u0301cole-724x1024.jpg 724w, https:\/\/www.musique-saint-ay.fr\/wp-content\/uploads\/2022\/06\/2022-audition-e\u0301cole-768x1086.jpg 768w, https:\/\/www.musique-saint-ay.fr\/wp-content\/uploads\/2022\/06\/2022-audition-e\u0301cole-1086x1536.jpg 1086w, https:\/\/www.musique-saint-ay.fr\/wp-content\/uploads\/2022\/06\/2022-audition-e\u0301cole-1448x2048.jpg 1448w\" sizes=\"auto, (max-width: 1811px) 100vw, 1811px\" \/><\/figure><div class=\"wp-block-media-text__content\">\n<p style=\"font-size:17px\">Audition de fin d&rsquo;ann\u00e9e des \u00e9l\u00e8ves vendredi 1er juillet \u00e0 19h salle des mariages (annexe mairie)<\/p>\n\n\n\n<p class=\"has-medium-font-size\">Th\u00e8me l&rsquo;Am\u00e9rique du Sud. Ensemble final avec tous les \u00e9l\u00e8ves et professeurs.<\/p>\n\n\n\n<p>Morceaux interpr\u00e9t\u00e9s par les professeurs.<\/p>\n<\/div><\/div>\n\n\n\n<p><\/p>\n","protected":false},"excerpt":{"rendered":"<p>Audition de fin d&rsquo;ann\u00e9e des \u00e9l\u00e8ves vendredi 1er juillet \u00e0 19h salle des mariages (annexe mairie) Th\u00e8me l&rsquo;Am\u00e9rique du Sud. Ensemble final avec tous les \u00e9l\u00e8ves et professeurs. Morceaux interpr\u00e9t\u00e9s par les professeurs.<\/p>\n","protected":false},"author":5,"featured_media":965,"comment_status":"closed","ping_status":"closed","sticky":false,"template":"","format":"standard","meta":{"footnotes":""},"categories":[4,3],"tags":[],"class_list":["post-930","post","type-post","status-publish","format-standard","has-post-thumbnail","hentry","category-actualite","category-ecole-de-musique"],"_links":{"self":[{"href":"https:\/\/www.musique-saint-ay.fr\/index.php?rest_route=\/wp\/v2\/posts\/930","targetHints":{"allow":["GET"]}}],"collection":[{"href":"https:\/\/www.musique-saint-ay.fr\/index.php?rest_route=\/wp\/v2\/posts"}],"about":[{"href":"https:\/\/www.musique-saint-ay.fr\/index.php?rest_route=\/wp\/v2\/types\/post"}],"author":[{"embeddable":true,"href":"https:\/\/www.musique-saint-ay.fr\/index.php?rest_route=\/wp\/v2\/users\/5"}],"replies":[{"embeddable":true,"href":"https:\/\/www.musique-saint-ay.fr\/index.php?rest_route=%2Fwp%2Fv2%2Fcomments&post=930"}],"version-history":[{"count":3,"href":"https:\/\/www.musique-saint-ay.fr\/index.php?rest_route=\/wp\/v2\/posts\/930\/revisions"}],"predecessor-version":[{"id":970,"href":"https:\/\/www.musique-saint-ay.fr\/index.php?rest_route=\/wp\/v2\/posts\/930\/revisions\/970"}],"wp:featuredmedia":[{"embeddable":true,"href":"https:\/\/www.musique-saint-ay.fr\/index.php?rest_route=\/wp\/v2\/media\/965"}],"wp:attachment":[{"href":"https:\/\/www.musique-saint-ay.fr\/index.php?rest_route=%2Fwp%2Fv2%2Fmedia&parent=930"}],"wp:term":[{"taxonomy":"category","embeddable":true,"href":"https:\/\/www.musique-saint-ay.fr\/index.php?rest_route=%2Fwp%2Fv2%2Fcategories&post=930"},{"taxonomy":"post_tag","embeddable":true,"href":"https:\/\/www.musique-saint-ay.fr\/index.php?rest_route=%2Fwp%2Fv2%2Ftags&post=930"}],"curies":[{"name":"wp","href":"https:\/\/api.w.org\/{rel}","templated":true}]}}