{"id":1916,"date":"2026-08-30T15:29:07","date_gmt":"2026-08-30T14:29:07","guid":{"rendered":"https:\/\/www.musique-saint-ay.fr\/?p=1916"},"modified":"2026-08-30T15:29:07","modified_gmt":"2026-08-30T14:29:07","slug":"nouvelles-inscriptions-ecole-de-musique-2-et-5-septembre-2026","status":"publish","type":"post","link":"https:\/\/www.musique-saint-ay.fr\/?p=1916","title":{"rendered":"Nouvelles Inscriptions \u00e9cole de musique 2 et 5 septembre 2026"},"content":{"rendered":"\n<p>Les inscriptions pour les nouveaux \u00e9l\u00e8ves \u00e0 l&rsquo;\u00e9cole de musique auront lieu mercredi 2 septembre de 18h30 \u00e0 20h \u00e0 l&rsquo;\u00e9cole de musique au 5 rue de la gal\u00e8re et samedi 5 septembre 2026 de 14h \u00e0 18h lors du forum des associations salle F.Villon.<\/p>\n\n\n\n<figure class=\"wp-block-image size-large\"><img loading=\"lazy\" decoding=\"async\" width=\"724\" height=\"1024\" src=\"https:\/\/www.musique-saint-ay.fr\/wp-content\/uploads\/2026\/08\/Flyers-2026-724x1024.jpeg\" alt=\"\" class=\"wp-image-1917\" srcset=\"https:\/\/www.musique-saint-ay.fr\/wp-content\/uploads\/2026\/08\/Flyers-2026-724x1024.jpeg 724w, https:\/\/www.musique-saint-ay.fr\/wp-content\/uploads\/2026\/08\/Flyers-2026-212x300.jpeg 212w, https:\/\/www.musique-saint-ay.fr\/wp-content\/uploads\/2026\/08\/Flyers-2026-768x1086.jpeg 768w, https:\/\/www.musique-saint-ay.fr\/wp-content\/uploads\/2026\/08\/Flyers-2026-1086x1536.jpeg 1086w, https:\/\/www.musique-saint-ay.fr\/wp-content\/uploads\/2026\/08\/Flyers-2026-1448x2048.jpeg 1448w, https:\/\/www.musique-saint-ay.fr\/wp-content\/uploads\/2026\/08\/Flyers-2026-scaled.jpeg 1811w\" sizes=\"auto, (max-width: 724px) 100vw, 724px\" \/><\/figure>\n","protected":false},"excerpt":{"rendered":"<p>Les inscriptions pour les nouveaux \u00e9l\u00e8ves \u00e0 l&rsquo;\u00e9cole de musique auront lieu mercredi 2 septembre de 18h30 \u00e0 20h \u00e0 l&rsquo;\u00e9cole de musique au 5 rue de la gal\u00e8re et samedi 5 septembre 2026 de 14h \u00e0 18h lors du forum des associations salle F.Villon.<\/p>\n","protected":false},"author":5,"featured_media":1917,"comment_status":"closed","ping_status":"closed","sticky":false,"template":"","format":"standard","meta":{"footnotes":""},"categories":[4],"tags":[],"class_list":["post-1916","post","type-post","status-publish","format-standard","has-post-thumbnail","hentry","category-actualite"],"_links":{"self":[{"href":"https:\/\/www.musique-saint-ay.fr\/index.php?rest_route=\/wp\/v2\/posts\/1916","targetHints":{"allow":["GET"]}}],"collection":[{"href":"https:\/\/www.musique-saint-ay.fr\/index.php?rest_route=\/wp\/v2\/posts"}],"about":[{"href":"https:\/\/www.musique-saint-ay.fr\/index.php?rest_route=\/wp\/v2\/types\/post"}],"author":[{"embeddable":true,"href":"https:\/\/www.musique-saint-ay.fr\/index.php?rest_route=\/wp\/v2\/users\/5"}],"replies":[{"embeddable":true,"href":"https:\/\/www.musique-saint-ay.fr\/index.php?rest_route=%2Fwp%2Fv2%2Fcomments&post=1916"}],"version-history":[{"count":1,"href":"https:\/\/www.musique-saint-ay.fr\/index.php?rest_route=\/wp\/v2\/posts\/1916\/revisions"}],"predecessor-version":[{"id":1918,"href":"https:\/\/www.musique-saint-ay.fr\/index.php?rest_route=\/wp\/v2\/posts\/1916\/revisions\/1918"}],"wp:featuredmedia":[{"embeddable":true,"href":"https:\/\/www.musique-saint-ay.fr\/index.php?rest_route=\/wp\/v2\/media\/1917"}],"wp:attachment":[{"href":"https:\/\/www.musique-saint-ay.fr\/index.php?rest_route=%2Fwp%2Fv2%2Fmedia&parent=1916"}],"wp:term":[{"taxonomy":"category","embeddable":true,"href":"https:\/\/www.musique-saint-ay.fr\/index.php?rest_route=%2Fwp%2Fv2%2Fcategories&post=1916"},{"taxonomy":"post_tag","embeddable":true,"href":"https:\/\/www.musique-saint-ay.fr\/index.php?rest_route=%2Fwp%2Fv2%2Ftags&post=1916"}],"curies":[{"name":"wp","href":"https:\/\/api.w.org\/{rel}","templated":true}]}}