{"id":1830,"date":"2025-11-04T23:25:40","date_gmt":"2025-11-04T22:25:40","guid":{"rendered":"https:\/\/www.musique-saint-ay.fr\/?p=1830"},"modified":"2025-11-04T23:27:15","modified_gmt":"2025-11-04T22:27:15","slug":"concert-par-lharmonie-samedi-22-novembre-2025-18h-salle-f-villon","status":"publish","type":"post","link":"https:\/\/www.musique-saint-ay.fr\/?p=1830","title":{"rendered":"Concert par l&rsquo;Harmonie samedi 22 novembre 2025 18h salle F.Villon"},"content":{"rendered":"\n<p>L&rsquo;Histoire dont vous \u00eates le h\u00e9ros&#8230; Choisissez votre itin\u00e9raire musical au royaume d&rsquo;ombre ou de glace&#8230; Concert interactif avec le public. 1h de musique o\u00f9 vous pourrez choisir la destination du h\u00e9ros. Samedi 22 novembre \u00e0 18h salle F.Villon \u00e0 Saint-Ay. Entr\u00e9e libre.<\/p>\n\n\n\n<figure class=\"wp-block-image size-large\"><img loading=\"lazy\" decoding=\"async\" width=\"724\" height=\"1024\" src=\"https:\/\/www.musique-saint-ay.fr\/wp-content\/uploads\/2025\/11\/Affiche-22-NOV-2025-724x1024.jpg\" alt=\"\" class=\"wp-image-1831\" srcset=\"https:\/\/www.musique-saint-ay.fr\/wp-content\/uploads\/2025\/11\/Affiche-22-NOV-2025-724x1024.jpg 724w, https:\/\/www.musique-saint-ay.fr\/wp-content\/uploads\/2025\/11\/Affiche-22-NOV-2025-212x300.jpg 212w, https:\/\/www.musique-saint-ay.fr\/wp-content\/uploads\/2025\/11\/Affiche-22-NOV-2025-768x1086.jpg 768w, https:\/\/www.musique-saint-ay.fr\/wp-content\/uploads\/2025\/11\/Affiche-22-NOV-2025-1086x1536.jpg 1086w, https:\/\/www.musique-saint-ay.fr\/wp-content\/uploads\/2025\/11\/Affiche-22-NOV-2025.jpg 1414w\" sizes=\"auto, (max-width: 724px) 100vw, 724px\" \/><\/figure>\n","protected":false},"excerpt":{"rendered":"<p>L&rsquo;Histoire dont vous \u00eates le h\u00e9ros&#8230; Choisissez votre itin\u00e9raire musical au royaume d&rsquo;ombre ou de glace&#8230; Concert interactif avec le public. 1h de musique o\u00f9 vous pourrez choisir la destination du h\u00e9ros. Samedi 22 novembre \u00e0 18h salle F.Villon \u00e0 Saint-Ay. Entr\u00e9e libre.<\/p>\n","protected":false},"author":5,"featured_media":1831,"comment_status":"closed","ping_status":"closed","sticky":false,"template":"","format":"standard","meta":{"footnotes":""},"categories":[4],"tags":[],"class_list":["post-1830","post","type-post","status-publish","format-standard","has-post-thumbnail","hentry","category-actualite"],"_links":{"self":[{"href":"https:\/\/www.musique-saint-ay.fr\/index.php?rest_route=\/wp\/v2\/posts\/1830","targetHints":{"allow":["GET"]}}],"collection":[{"href":"https:\/\/www.musique-saint-ay.fr\/index.php?rest_route=\/wp\/v2\/posts"}],"about":[{"href":"https:\/\/www.musique-saint-ay.fr\/index.php?rest_route=\/wp\/v2\/types\/post"}],"author":[{"embeddable":true,"href":"https:\/\/www.musique-saint-ay.fr\/index.php?rest_route=\/wp\/v2\/users\/5"}],"replies":[{"embeddable":true,"href":"https:\/\/www.musique-saint-ay.fr\/index.php?rest_route=%2Fwp%2Fv2%2Fcomments&post=1830"}],"version-history":[{"count":2,"href":"https:\/\/www.musique-saint-ay.fr\/index.php?rest_route=\/wp\/v2\/posts\/1830\/revisions"}],"predecessor-version":[{"id":1833,"href":"https:\/\/www.musique-saint-ay.fr\/index.php?rest_route=\/wp\/v2\/posts\/1830\/revisions\/1833"}],"wp:featuredmedia":[{"embeddable":true,"href":"https:\/\/www.musique-saint-ay.fr\/index.php?rest_route=\/wp\/v2\/media\/1831"}],"wp:attachment":[{"href":"https:\/\/www.musique-saint-ay.fr\/index.php?rest_route=%2Fwp%2Fv2%2Fmedia&parent=1830"}],"wp:term":[{"taxonomy":"category","embeddable":true,"href":"https:\/\/www.musique-saint-ay.fr\/index.php?rest_route=%2Fwp%2Fv2%2Fcategories&post=1830"},{"taxonomy":"post_tag","embeddable":true,"href":"https:\/\/www.musique-saint-ay.fr\/index.php?rest_route=%2Fwp%2Fv2%2Ftags&post=1830"}],"curies":[{"name":"wp","href":"https:\/\/api.w.org\/{rel}","templated":true}]}}