{"id":1768,"date":"2025-01-14T00:30:36","date_gmt":"2025-01-13T23:30:36","guid":{"rendered":"https:\/\/www.musique-saint-ay.fr\/?p=1768"},"modified":"2025-01-14T00:33:09","modified_gmt":"2025-01-13T23:33:09","slug":"audition-percussion-piano-et-trompette","status":"publish","type":"post","link":"https:\/\/www.musique-saint-ay.fr\/?p=1768","title":{"rendered":"Audition percussion piano et trompette samedi 18 janvier 2025 \u00e0 17h30"},"content":{"rendered":"\n<p>Samedi 18 janvier \u00e0 17h30 salle Berlioz de l&rsquo;\u00e9cole de musique, vous pourrez entendre les \u00e9l\u00e8ves des classes de ^piano, percussion et trompette.<\/p>\n\n\n\n<figure class=\"wp-block-image size-large\"><img loading=\"lazy\" decoding=\"async\" width=\"724\" height=\"1024\" src=\"https:\/\/www.musique-saint-ay.fr\/wp-content\/uploads\/2025\/01\/AUDITION-percu-piano-2025-724x1024.png\" alt=\"\" class=\"wp-image-1769\" srcset=\"https:\/\/www.musique-saint-ay.fr\/wp-content\/uploads\/2025\/01\/AUDITION-percu-piano-2025-724x1024.png 724w, https:\/\/www.musique-saint-ay.fr\/wp-content\/uploads\/2025\/01\/AUDITION-percu-piano-2025-212x300.png 212w, https:\/\/www.musique-saint-ay.fr\/wp-content\/uploads\/2025\/01\/AUDITION-percu-piano-2025-768x1086.png 768w, https:\/\/www.musique-saint-ay.fr\/wp-content\/uploads\/2025\/01\/AUDITION-percu-piano-2025-1086x1536.png 1086w, https:\/\/www.musique-saint-ay.fr\/wp-content\/uploads\/2025\/01\/AUDITION-percu-piano-2025.png 1414w\" sizes=\"auto, (max-width: 724px) 100vw, 724px\" \/><\/figure>\n","protected":false},"excerpt":{"rendered":"<p>Samedi 18 janvier \u00e0 17h30 salle Berlioz de l&rsquo;\u00e9cole de musique, vous pourrez entendre les \u00e9l\u00e8ves des classes de ^piano, percussion et trompette.<\/p>\n","protected":false},"author":5,"featured_media":1769,"comment_status":"closed","ping_status":"closed","sticky":false,"template":"","format":"standard","meta":{"footnotes":""},"categories":[4],"tags":[],"class_list":["post-1768","post","type-post","status-publish","format-standard","has-post-thumbnail","hentry","category-actualite"],"_links":{"self":[{"href":"https:\/\/www.musique-saint-ay.fr\/index.php?rest_route=\/wp\/v2\/posts\/1768","targetHints":{"allow":["GET"]}}],"collection":[{"href":"https:\/\/www.musique-saint-ay.fr\/index.php?rest_route=\/wp\/v2\/posts"}],"about":[{"href":"https:\/\/www.musique-saint-ay.fr\/index.php?rest_route=\/wp\/v2\/types\/post"}],"author":[{"embeddable":true,"href":"https:\/\/www.musique-saint-ay.fr\/index.php?rest_route=\/wp\/v2\/users\/5"}],"replies":[{"embeddable":true,"href":"https:\/\/www.musique-saint-ay.fr\/index.php?rest_route=%2Fwp%2Fv2%2Fcomments&post=1768"}],"version-history":[{"count":2,"href":"https:\/\/www.musique-saint-ay.fr\/index.php?rest_route=\/wp\/v2\/posts\/1768\/revisions"}],"predecessor-version":[{"id":1772,"href":"https:\/\/www.musique-saint-ay.fr\/index.php?rest_route=\/wp\/v2\/posts\/1768\/revisions\/1772"}],"wp:featuredmedia":[{"embeddable":true,"href":"https:\/\/www.musique-saint-ay.fr\/index.php?rest_route=\/wp\/v2\/media\/1769"}],"wp:attachment":[{"href":"https:\/\/www.musique-saint-ay.fr\/index.php?rest_route=%2Fwp%2Fv2%2Fmedia&parent=1768"}],"wp:term":[{"taxonomy":"category","embeddable":true,"href":"https:\/\/www.musique-saint-ay.fr\/index.php?rest_route=%2Fwp%2Fv2%2Fcategories&post=1768"},{"taxonomy":"post_tag","embeddable":true,"href":"https:\/\/www.musique-saint-ay.fr\/index.php?rest_route=%2Fwp%2Fv2%2Ftags&post=1768"}],"curies":[{"name":"wp","href":"https:\/\/api.w.org\/{rel}","templated":true}]}}