{"id":1752,"date":"2024-12-03T23:12:48","date_gmt":"2024-12-03T22:12:48","guid":{"rendered":"https:\/\/www.musique-saint-ay.fr\/?p=1752"},"modified":"2024-12-03T23:14:58","modified_gmt":"2024-12-03T22:14:58","slug":"audition-de-noel-des-eleves-de-lecole-de-musique","status":"publish","type":"post","link":"https:\/\/www.musique-saint-ay.fr\/?p=1752","title":{"rendered":"Audition de No\u00ebl des \u00e9l\u00e8ves de l&rsquo;\u00e9cole de musique Mardi 10 d\u00e9cembre \u00e0 18h30 salle F.Villon"},"content":{"rendered":"\n<p>Les \u00e9l\u00e8ves se produiront en ensemble mardi 10 d\u00e9cembre \u00e0 18h30 salle F.Villon \u00e0 Saint-Ay. Toutes les classes instrumentales, \u00e9veil musical, formation musicale, orchestres se produiront. Seules les classes de piano et percussion joueront lors d&rsquo;une prochaine audition en janvier. N&rsquo;h\u00e9sitez pas \u00e0 venir encourager les \u00e9l\u00e8ves et vos enfants pour qui un public c&rsquo;est important&#8230;. L&rsquo;entr\u00e9e \u00e0 cette audition est libre.<\/p>\n\n\n\n<figure class=\"wp-block-image size-large\"><img loading=\"lazy\" decoding=\"async\" width=\"724\" height=\"1024\" src=\"https:\/\/www.musique-saint-ay.fr\/wp-content\/uploads\/2024\/12\/Affiche-corrigee-MARDI-10-DECEMBRE-724x1024.jpg\" alt=\"\" class=\"wp-image-1753\" srcset=\"https:\/\/www.musique-saint-ay.fr\/wp-content\/uploads\/2024\/12\/Affiche-corrigee-MARDI-10-DECEMBRE-724x1024.jpg 724w, https:\/\/www.musique-saint-ay.fr\/wp-content\/uploads\/2024\/12\/Affiche-corrigee-MARDI-10-DECEMBRE-212x300.jpg 212w, https:\/\/www.musique-saint-ay.fr\/wp-content\/uploads\/2024\/12\/Affiche-corrigee-MARDI-10-DECEMBRE-768x1086.jpg 768w, https:\/\/www.musique-saint-ay.fr\/wp-content\/uploads\/2024\/12\/Affiche-corrigee-MARDI-10-DECEMBRE-1086x1536.jpg 1086w, https:\/\/www.musique-saint-ay.fr\/wp-content\/uploads\/2024\/12\/Affiche-corrigee-MARDI-10-DECEMBRE.jpg 1414w\" sizes=\"auto, (max-width: 724px) 100vw, 724px\" \/><\/figure>\n","protected":false},"excerpt":{"rendered":"<p>Les \u00e9l\u00e8ves se produiront en ensemble mardi 10 d\u00e9cembre \u00e0 18h30 salle F.Villon \u00e0 Saint-Ay. Toutes les classes instrumentales, \u00e9veil musical, formation musicale, orchestres se produiront. Seules les classes de piano et percussion joueront lors d&rsquo;une prochaine audition en janvier. N&rsquo;h\u00e9sitez pas \u00e0 venir encourager les \u00e9l\u00e8ves et vos enfants pour qui un public c&rsquo;est important&#8230;. L&rsquo;entr\u00e9e \u00e0 cette audition &hellip; <\/p>\n","protected":false},"author":5,"featured_media":1753,"comment_status":"closed","ping_status":"closed","sticky":false,"template":"","format":"standard","meta":{"footnotes":""},"categories":[4,3],"tags":[],"class_list":["post-1752","post","type-post","status-publish","format-standard","has-post-thumbnail","hentry","category-actualite","category-ecole-de-musique"],"_links":{"self":[{"href":"https:\/\/www.musique-saint-ay.fr\/index.php?rest_route=\/wp\/v2\/posts\/1752","targetHints":{"allow":["GET"]}}],"collection":[{"href":"https:\/\/www.musique-saint-ay.fr\/index.php?rest_route=\/wp\/v2\/posts"}],"about":[{"href":"https:\/\/www.musique-saint-ay.fr\/index.php?rest_route=\/wp\/v2\/types\/post"}],"author":[{"embeddable":true,"href":"https:\/\/www.musique-saint-ay.fr\/index.php?rest_route=\/wp\/v2\/users\/5"}],"replies":[{"embeddable":true,"href":"https:\/\/www.musique-saint-ay.fr\/index.php?rest_route=%2Fwp%2Fv2%2Fcomments&post=1752"}],"version-history":[{"count":2,"href":"https:\/\/www.musique-saint-ay.fr\/index.php?rest_route=\/wp\/v2\/posts\/1752\/revisions"}],"predecessor-version":[{"id":1756,"href":"https:\/\/www.musique-saint-ay.fr\/index.php?rest_route=\/wp\/v2\/posts\/1752\/revisions\/1756"}],"wp:featuredmedia":[{"embeddable":true,"href":"https:\/\/www.musique-saint-ay.fr\/index.php?rest_route=\/wp\/v2\/media\/1753"}],"wp:attachment":[{"href":"https:\/\/www.musique-saint-ay.fr\/index.php?rest_route=%2Fwp%2Fv2%2Fmedia&parent=1752"}],"wp:term":[{"taxonomy":"category","embeddable":true,"href":"https:\/\/www.musique-saint-ay.fr\/index.php?rest_route=%2Fwp%2Fv2%2Fcategories&post=1752"},{"taxonomy":"post_tag","embeddable":true,"href":"https:\/\/www.musique-saint-ay.fr\/index.php?rest_route=%2Fwp%2Fv2%2Ftags&post=1752"}],"curies":[{"name":"wp","href":"https:\/\/api.w.org\/{rel}","templated":true}]}}