{"id":1731,"date":"2024-11-12T23:52:30","date_gmt":"2024-11-12T22:52:30","guid":{"rendered":"https:\/\/www.musique-saint-ay.fr\/?p=1731"},"modified":"2024-11-12T23:54:48","modified_gmt":"2024-11-12T22:54:48","slug":"concert-sur-le-merveilleux-voyage-de-marco-polo-samedi-23-novembre-a-18h-salle-f-villon","status":"publish","type":"post","link":"https:\/\/www.musique-saint-ay.fr\/?p=1731","title":{"rendered":"Concert sur le merveilleux voyage de Marco Polo samedi 23 novembre \u00e0 18h salle F. Villon"},"content":{"rendered":"\n<p>Concert donn\u00e9 par l&rsquo;Harmonie de Saint-Ay <strong>samedi 23 novembre \u00e0 18h salle F. Villon \u00e0 Saint-Ay.<\/strong> Vous pourrez d\u00e9couvrir l&rsquo;histoire du voyage de Marco Polo, ses p\u00e9riples au travers des diff\u00e9rents pays qu&rsquo;il a pu traverser. Histoire mise en musique, racont\u00e9e par Nathalie Ponston et Christian Fer et illustr\u00e9e en images. Un bon moment \u00e0 passer ensemble avec des surprises \u00e0 l&rsquo;entracte&#8230; Nous vous attendons nombreux. L&rsquo;harmonie a pr\u00e9par\u00e9 ce concert suite au stage qui a eu lieu \u00e0 P\u00e9nestin durant les vacances de Toussaint.<\/p>\n\n\n\n<figure class=\"wp-block-image size-large\"><img loading=\"lazy\" decoding=\"async\" width=\"724\" height=\"1024\" src=\"https:\/\/www.musique-saint-ay.fr\/wp-content\/uploads\/2024\/11\/MARCO-POLO-Affiche-724x1024.jpeg\" alt=\"\" class=\"wp-image-1732\" srcset=\"https:\/\/www.musique-saint-ay.fr\/wp-content\/uploads\/2024\/11\/MARCO-POLO-Affiche-724x1024.jpeg 724w, https:\/\/www.musique-saint-ay.fr\/wp-content\/uploads\/2024\/11\/MARCO-POLO-Affiche-212x300.jpeg 212w, https:\/\/www.musique-saint-ay.fr\/wp-content\/uploads\/2024\/11\/MARCO-POLO-Affiche-768x1086.jpeg 768w, https:\/\/www.musique-saint-ay.fr\/wp-content\/uploads\/2024\/11\/MARCO-POLO-Affiche-1086x1536.jpeg 1086w, https:\/\/www.musique-saint-ay.fr\/wp-content\/uploads\/2024\/11\/MARCO-POLO-Affiche-1448x2048.jpeg 1448w, https:\/\/www.musique-saint-ay.fr\/wp-content\/uploads\/2024\/11\/MARCO-POLO-Affiche-scaled.jpeg 1810w\" sizes=\"auto, (max-width: 724px) 100vw, 724px\" \/><\/figure>\n","protected":false},"excerpt":{"rendered":"<p>Concert donn\u00e9 par l&rsquo;Harmonie de Saint-Ay samedi 23 novembre \u00e0 18h salle F. Villon \u00e0 Saint-Ay. Vous pourrez d\u00e9couvrir l&rsquo;histoire du voyage de Marco Polo, ses p\u00e9riples au travers des diff\u00e9rents pays qu&rsquo;il a pu traverser. Histoire mise en musique, racont\u00e9e par Nathalie Ponston et Christian Fer et illustr\u00e9e en images. Un bon moment \u00e0 passer ensemble avec des surprises &hellip; <\/p>\n","protected":false},"author":5,"featured_media":1732,"comment_status":"closed","ping_status":"closed","sticky":false,"template":"","format":"standard","meta":{"footnotes":""},"categories":[4,2],"tags":[],"class_list":["post-1731","post","type-post","status-publish","format-standard","has-post-thumbnail","hentry","category-actualite","category-harmonie"],"_links":{"self":[{"href":"https:\/\/www.musique-saint-ay.fr\/index.php?rest_route=\/wp\/v2\/posts\/1731","targetHints":{"allow":["GET"]}}],"collection":[{"href":"https:\/\/www.musique-saint-ay.fr\/index.php?rest_route=\/wp\/v2\/posts"}],"about":[{"href":"https:\/\/www.musique-saint-ay.fr\/index.php?rest_route=\/wp\/v2\/types\/post"}],"author":[{"embeddable":true,"href":"https:\/\/www.musique-saint-ay.fr\/index.php?rest_route=\/wp\/v2\/users\/5"}],"replies":[{"embeddable":true,"href":"https:\/\/www.musique-saint-ay.fr\/index.php?rest_route=%2Fwp%2Fv2%2Fcomments&post=1731"}],"version-history":[{"count":2,"href":"https:\/\/www.musique-saint-ay.fr\/index.php?rest_route=\/wp\/v2\/posts\/1731\/revisions"}],"predecessor-version":[{"id":1735,"href":"https:\/\/www.musique-saint-ay.fr\/index.php?rest_route=\/wp\/v2\/posts\/1731\/revisions\/1735"}],"wp:featuredmedia":[{"embeddable":true,"href":"https:\/\/www.musique-saint-ay.fr\/index.php?rest_route=\/wp\/v2\/media\/1732"}],"wp:attachment":[{"href":"https:\/\/www.musique-saint-ay.fr\/index.php?rest_route=%2Fwp%2Fv2%2Fmedia&parent=1731"}],"wp:term":[{"taxonomy":"category","embeddable":true,"href":"https:\/\/www.musique-saint-ay.fr\/index.php?rest_route=%2Fwp%2Fv2%2Fcategories&post=1731"},{"taxonomy":"post_tag","embeddable":true,"href":"https:\/\/www.musique-saint-ay.fr\/index.php?rest_route=%2Fwp%2Fv2%2Ftags&post=1731"}],"curies":[{"name":"wp","href":"https:\/\/api.w.org\/{rel}","templated":true}]}}