{"id":1650,"date":"2024-03-18T21:23:23","date_gmt":"2024-03-18T20:23:23","guid":{"rendered":"https:\/\/www.musique-saint-ay.fr\/?p=1650"},"modified":"2024-03-18T21:26:18","modified_gmt":"2024-03-18T20:26:18","slug":"audition-piano-et-percussion","status":"publish","type":"post","link":"https:\/\/www.musique-saint-ay.fr\/?p=1650","title":{"rendered":"Audition piano et percussion lundi 25 mars 19h"},"content":{"rendered":"\n<p>Les \u00e9l\u00e8ves des classes de piano et percussion donneront une audition publique <strong>lundi 25 mars de 19h \u00e0 20h <\/strong>salle Berlioz de l&rsquo;\u00e9cole de musique. N&rsquo;h\u00e9sitez pas \u00e0 venir d\u00e9couvrir ces instruments et soutenir nos jeunes \u00e9l\u00e8ves. L&rsquo;entr\u00e9e \u00e0 cette audition est libre.<\/p>\n\n\n\n<figure class=\"wp-block-image size-large\"><img loading=\"lazy\" decoding=\"async\" width=\"724\" height=\"1024\" src=\"https:\/\/www.musique-saint-ay.fr\/wp-content\/uploads\/2024\/03\/AUDITION-724x1024.jpg\" alt=\"\" class=\"wp-image-1651\" srcset=\"https:\/\/www.musique-saint-ay.fr\/wp-content\/uploads\/2024\/03\/AUDITION-724x1024.jpg 724w, https:\/\/www.musique-saint-ay.fr\/wp-content\/uploads\/2024\/03\/AUDITION-212x300.jpg 212w, https:\/\/www.musique-saint-ay.fr\/wp-content\/uploads\/2024\/03\/AUDITION-768x1086.jpg 768w, https:\/\/www.musique-saint-ay.fr\/wp-content\/uploads\/2024\/03\/AUDITION-1086x1536.jpg 1086w, https:\/\/www.musique-saint-ay.fr\/wp-content\/uploads\/2024\/03\/AUDITION-1448x2048.jpg 1448w, https:\/\/www.musique-saint-ay.fr\/wp-content\/uploads\/2024\/03\/AUDITION-scaled.jpg 1810w\" sizes=\"auto, (max-width: 724px) 100vw, 724px\" \/><\/figure>\n","protected":false},"excerpt":{"rendered":"<p>Les \u00e9l\u00e8ves des classes de piano et percussion donneront une audition publique lundi 25 mars de 19h \u00e0 20h salle Berlioz de l&rsquo;\u00e9cole de musique. N&rsquo;h\u00e9sitez pas \u00e0 venir d\u00e9couvrir ces instruments et soutenir nos jeunes \u00e9l\u00e8ves. L&rsquo;entr\u00e9e \u00e0 cette audition est libre.<\/p>\n","protected":false},"author":5,"featured_media":1651,"comment_status":"closed","ping_status":"closed","sticky":false,"template":"","format":"standard","meta":{"footnotes":""},"categories":[4,3],"tags":[],"class_list":["post-1650","post","type-post","status-publish","format-standard","has-post-thumbnail","hentry","category-actualite","category-ecole-de-musique"],"_links":{"self":[{"href":"https:\/\/www.musique-saint-ay.fr\/index.php?rest_route=\/wp\/v2\/posts\/1650","targetHints":{"allow":["GET"]}}],"collection":[{"href":"https:\/\/www.musique-saint-ay.fr\/index.php?rest_route=\/wp\/v2\/posts"}],"about":[{"href":"https:\/\/www.musique-saint-ay.fr\/index.php?rest_route=\/wp\/v2\/types\/post"}],"author":[{"embeddable":true,"href":"https:\/\/www.musique-saint-ay.fr\/index.php?rest_route=\/wp\/v2\/users\/5"}],"replies":[{"embeddable":true,"href":"https:\/\/www.musique-saint-ay.fr\/index.php?rest_route=%2Fwp%2Fv2%2Fcomments&post=1650"}],"version-history":[{"count":3,"href":"https:\/\/www.musique-saint-ay.fr\/index.php?rest_route=\/wp\/v2\/posts\/1650\/revisions"}],"predecessor-version":[{"id":1654,"href":"https:\/\/www.musique-saint-ay.fr\/index.php?rest_route=\/wp\/v2\/posts\/1650\/revisions\/1654"}],"wp:featuredmedia":[{"embeddable":true,"href":"https:\/\/www.musique-saint-ay.fr\/index.php?rest_route=\/wp\/v2\/media\/1651"}],"wp:attachment":[{"href":"https:\/\/www.musique-saint-ay.fr\/index.php?rest_route=%2Fwp%2Fv2%2Fmedia&parent=1650"}],"wp:term":[{"taxonomy":"category","embeddable":true,"href":"https:\/\/www.musique-saint-ay.fr\/index.php?rest_route=%2Fwp%2Fv2%2Fcategories&post=1650"},{"taxonomy":"post_tag","embeddable":true,"href":"https:\/\/www.musique-saint-ay.fr\/index.php?rest_route=%2Fwp%2Fv2%2Ftags&post=1650"}],"curies":[{"name":"wp","href":"https:\/\/api.w.org\/{rel}","templated":true}]}}