{"id":1271,"date":"2022-08-26T10:09:58","date_gmt":"2022-08-26T09:09:58","guid":{"rendered":"https:\/\/www.musique-saint-ay.fr\/?p=1271"},"modified":"2022-09-15T22:37:14","modified_gmt":"2022-09-15T21:37:14","slug":"infos-rentree-ecole-de-musique","status":"publish","type":"post","link":"https:\/\/www.musique-saint-ay.fr\/?p=1271","title":{"rendered":"Infos rentr\u00e9e \u00e9cole de musique"},"content":{"rendered":"\n<p>Inscriptions des nouveaux \u00e9l\u00e8ves mercredi 7 septembre de 18h30 \u00e0 20h \u00e0 l&rsquo;\u00e9cole de musique 5 rue de la gal\u00e8re \u00e0 Saint-Ay et samedi 10 septembre de 14h \u00e0 18h pendant le forum des associations salle F.Villon \u00e0 Saint-Ay. <mark style=\"background-color:rgba(0, 0, 0, 0)\" class=\"has-inline-color has-luminous-vivid-orange-color\"><strong>Possibilit\u00e9 d&rsquo;essayer des instruments sur les lieux du forum.<\/strong><\/mark><\/p>\n\n\n\n<p>R\u00e9union de rentr\u00e9e: Lundi 12 septembre \u00e0 19h \u00e0 l&rsquo;\u00e9cole de musique<\/p>\n\n\n\n<p>La reprise des cours aura lieu le mercredi 14 septembre 2022.<\/p>\n\n\n\n<p>Horaires et jours de cours:<\/p>\n\n\n\n<p>Eveil musical: Le samedi de 10h \u00e0 10h45 <\/p>\n\n\n\n<p>Atelier A 1\u00e9re ann\u00e9e: Mercredi de 16h45 \u00e0 17h45<\/p>\n\n\n\n<p>Atelier B 2\u00e9me ann\u00e9e: Mercredi de 17h45 \u00e0 19h<\/p>\n\n\n\n<p>Atelier C: 3\u00e9me ann\u00e9e:  Mercredi de 16h15 \u00e0 17h45<\/p>\n\n\n\n<p>Atelier D-E-F: 4\u00e9me, 5\u00e9me ann\u00e9e et au del\u00e0: Mercredi de 17h \u00e0 18h30<\/p>\n\n\n\n<p>Fl\u00fbte traversi\u00e8re: Samedi matin<\/p>\n\n\n\n<p>Hautbois \/ guitare: samedi<\/p>\n\n\n\n<p>Clarinette: Vendredi<\/p>\n\n\n\n<p>Saxophone: Jeudi <\/p>\n\n\n\n<p>Trompette: Vendredi<\/p>\n\n\n\n<p>Trombone \/ Tuba: Vendredi <\/p>\n\n\n\n<p>Percussion: Jeudi<\/p>\n\n\n\n<p>Piano: Mardi <strong><mark style=\"background-color:rgba(0, 0, 0, 0)\" class=\"has-inline-color has-luminous-vivid-orange-color\">(Nouveau professeur)<\/mark><\/strong><\/p>\n\n\n\n<figure class=\"wp-block-image size-large\"><img loading=\"lazy\" decoding=\"async\" width=\"724\" height=\"1024\" src=\"https:\/\/www.musique-saint-ay.fr\/wp-content\/uploads\/2021\/09\/Flyer-ecole-de-musique-724x1024.jpg\" alt=\"\" class=\"wp-image-987\" srcset=\"https:\/\/www.musique-saint-ay.fr\/wp-content\/uploads\/2021\/09\/Flyer-ecole-de-musique-724x1024.jpg 724w, https:\/\/www.musique-saint-ay.fr\/wp-content\/uploads\/2021\/09\/Flyer-ecole-de-musique-212x300.jpg 212w, https:\/\/www.musique-saint-ay.fr\/wp-content\/uploads\/2021\/09\/Flyer-ecole-de-musique-768x1086.jpg 768w, https:\/\/www.musique-saint-ay.fr\/wp-content\/uploads\/2021\/09\/Flyer-ecole-de-musique-1087x1536.jpg 1087w, https:\/\/www.musique-saint-ay.fr\/wp-content\/uploads\/2021\/09\/Flyer-ecole-de-musique-1449x2048.jpg 1449w, https:\/\/www.musique-saint-ay.fr\/wp-content\/uploads\/2021\/09\/Flyer-ecole-de-musique.jpg 1654w\" sizes=\"auto, (max-width: 724px) 100vw, 724px\" \/><\/figure>\n","protected":false},"excerpt":{"rendered":"<p>Inscriptions des nouveaux \u00e9l\u00e8ves mercredi 7 septembre de 18h30 \u00e0 20h \u00e0 l&rsquo;\u00e9cole de musique 5 rue de la gal\u00e8re \u00e0 Saint-Ay et samedi 10 septembre de 14h \u00e0 18h pendant le forum des associations salle F.Villon \u00e0 Saint-Ay. Possibilit\u00e9 d&rsquo;essayer des instruments sur les lieux du forum. R\u00e9union de rentr\u00e9e: Lundi 12 septembre \u00e0 19h \u00e0 l&rsquo;\u00e9cole de musique &hellip; <\/p>\n","protected":false},"author":5,"featured_media":987,"comment_status":"closed","ping_status":"closed","sticky":false,"template":"","format":"standard","meta":{"footnotes":""},"categories":[4,3],"tags":[],"class_list":["post-1271","post","type-post","status-publish","format-standard","has-post-thumbnail","hentry","category-actualite","category-ecole-de-musique"],"_links":{"self":[{"href":"https:\/\/www.musique-saint-ay.fr\/index.php?rest_route=\/wp\/v2\/posts\/1271","targetHints":{"allow":["GET"]}}],"collection":[{"href":"https:\/\/www.musique-saint-ay.fr\/index.php?rest_route=\/wp\/v2\/posts"}],"about":[{"href":"https:\/\/www.musique-saint-ay.fr\/index.php?rest_route=\/wp\/v2\/types\/post"}],"author":[{"embeddable":true,"href":"https:\/\/www.musique-saint-ay.fr\/index.php?rest_route=\/wp\/v2\/users\/5"}],"replies":[{"embeddable":true,"href":"https:\/\/www.musique-saint-ay.fr\/index.php?rest_route=%2Fwp%2Fv2%2Fcomments&post=1271"}],"version-history":[{"count":8,"href":"https:\/\/www.musique-saint-ay.fr\/index.php?rest_route=\/wp\/v2\/posts\/1271\/revisions"}],"predecessor-version":[{"id":1342,"href":"https:\/\/www.musique-saint-ay.fr\/index.php?rest_route=\/wp\/v2\/posts\/1271\/revisions\/1342"}],"wp:featuredmedia":[{"embeddable":true,"href":"https:\/\/www.musique-saint-ay.fr\/index.php?rest_route=\/wp\/v2\/media\/987"}],"wp:attachment":[{"href":"https:\/\/www.musique-saint-ay.fr\/index.php?rest_route=%2Fwp%2Fv2%2Fmedia&parent=1271"}],"wp:term":[{"taxonomy":"category","embeddable":true,"href":"https:\/\/www.musique-saint-ay.fr\/index.php?rest_route=%2Fwp%2Fv2%2Fcategories&post=1271"},{"taxonomy":"post_tag","embeddable":true,"href":"https:\/\/www.musique-saint-ay.fr\/index.php?rest_route=%2Fwp%2Fv2%2Ftags&post=1271"}],"curies":[{"name":"wp","href":"https:\/\/api.w.org\/{rel}","templated":true}]}}